{"id":608,"date":"2026-03-15T11:49:35","date_gmt":"2026-03-15T11:49:35","guid":{"rendered":"https:\/\/startersites.io\/blocksy\/homi\/?p=608"},"modified":"2026-04-09T12:16:38","modified_gmt":"2026-04-09T12:16:38","slug":"lorem-mollis-aliquam-ut-porttitor-leo","status":"publish","type":"post","link":"https:\/\/espaciosparaser.com\/index.php\/2026\/03\/15\/lorem-mollis-aliquam-ut-porttitor-leo\/","title":{"rendered":"C\u00f3mo el dise\u00f1o espacial afecta tu descanso (ciencia + Vastu)"},"content":{"rendered":"\t\t<div data-elementor-type=\"wp-post\" data-elementor-id=\"608\" class=\"elementor elementor-608\" data-elementor-post-type=\"post\">\n\t\t\t\t<div class=\"elementor-element elementor-element-5e336b99 e-flex e-con-boxed e-con e-parent\" data-id=\"5e336b99\" data-element_type=\"container\" data-e-type=\"container\">\n\t\t\t\t\t<div class=\"e-con-inner\">\n\t\t\t\t<div class=\"elementor-element elementor-element-781c6993 elementor-widget elementor-widget-text-editor\" data-id=\"781c6993\" data-element_type=\"widget\" data-e-type=\"widget\" data-widget_type=\"text-editor.default\">\n\t\t\t\t<div class=\"elementor-widget-container\">\n\t\t\t\t\t\t\t\t\t<p>M\u00e1s del 23% de los adultos que trabajan cumplen criterios diagn\u00f3sticos de insomnio. No por falta de disciplina o de gesti\u00f3n del estr\u00e9s (la mayor\u00eda ya ha probado melatonina, terapia cognitiva o aplicaciones de meditaci\u00f3n) (Kessler et al., Sleep, 2011).<\/p><p>Lo que nadie les ha dicho es que el problema puede no estar en su fisiolog\u00eda. Puede estar en su dormitorio.<\/p><p>Una ventana sin cortinas opacas que activa el despertar a las 6:15 aunque la alarma suene a las 7:30. LEDs de 6.500K encendidos hasta las 23:00h suprimiendo la melatonina como si fuera mediod\u00eda. Una cama alineada directamente entre la puerta y la ventana manteniendo el cerebro en estado de alerta sutil pero constante.<\/p><p>Tu dormitorio puede estar dise\u00f1ado, sin quererlo, para mantenerte despierto.<\/p><p>El insomnio tiene un coste que va m\u00e1s all\u00e1 del cansancio: cada persona con insomnio cr\u00f3nico pierde el equivalente a entre 45 y 54 d\u00edas de productividad al a\u00f1o, con un impacto econ\u00f3mico estimado en m\u00e1s de 200.000 millones de d\u00f3lares anuales solo en Estados Unidos (RAND Corporation, 2023). En directivos y profesionales de alto rendimiento, ese coste se multiplica.<\/p><p>Tu dormitorio no es neutro. Es un laboratorio qu\u00edmico que produce (o bloquea) melatonina, cortisol y serotonina cada noche. En las pr\u00f3ximas p\u00e1ginas descubrir\u00e1s por qu\u00e9 tu espacio puede estar saboteando tu descanso sin que lo sepas, y qu\u00e9 puedes hacer para revertirlo.<\/p>\t\t\t\t\t\t\t\t<\/div>\n\t\t\t\t<\/div>\n\t\t\t\t\t<\/div>\n\t\t\t\t<\/div>\n\t\t<div class=\"elementor-element elementor-element-2e2d536 e-flex e-con-boxed e-con e-parent\" data-id=\"2e2d536\" data-element_type=\"container\" data-e-type=\"container\">\n\t\t\t\t\t<div class=\"e-con-inner\">\n\t\t\t\t<div class=\"elementor-element elementor-element-c78d9c0 elementor-widget elementor-widget-heading\" data-id=\"c78d9c0\" data-element_type=\"widget\" data-e-type=\"widget\" data-widget_type=\"heading.default\">\n\t\t\t\t<div class=\"elementor-widget-container\">\n\t\t\t\t\t<h4 class=\"elementor-heading-title elementor-size-default\">Desde la ciencia del sue\u00f1o hacia un cerebro en modo descanso<\/h4>\t\t\t\t<\/div>\n\t\t\t\t<\/div>\n\t\t\t\t\t<\/div>\n\t\t\t\t<\/div>\n\t\t<div class=\"elementor-element elementor-element-d2c3fbc e-flex e-con-boxed e-con e-parent\" data-id=\"d2c3fbc\" data-element_type=\"container\" data-e-type=\"container\">\n\t\t\t\t\t<div class=\"e-con-inner\">\n\t\t\t\t<div class=\"elementor-element elementor-element-7c28164 elementor-widget elementor-widget-text-editor\" data-id=\"7c28164\" data-element_type=\"widget\" data-e-type=\"widget\" data-widget_type=\"text-editor.default\">\n\t\t\t\t<div class=\"elementor-widget-container\">\n\t\t\t\t\t\t\t\t\t<p>Para entender c\u00f3mo el espacio afecta tu descanso, primero necesitas entender como procesa tu cerebro el descanso profundo a un nivel m\u00e1s biol\u00f3gico. El sue\u00f1o no es un estado pasivo, es una operaci\u00f3n de mantenimiento activo del sistema nervioso. Para llegar a la fase de sue\u00f1o profundo, o fase N3 del sue\u00f1o NREM, el cerebro hade experimetar las dos primeras fases, la de adormecimiento N1 y la N2 o de sue\u00f1o ligero. La fase de suen1o profundo es la etapa m\u00e1s reparadora del descanso, caracterizada por ondas cerebrales lentas (ondas delta), frecuencia card\u00edaca\/respiratoria baja y relajaci\u00f3n muscular total Es esencial para la recuperaci\u00f3n f\u00edsica, la consolidaci\u00f3n de la memoria y la eliminaci\u00f3n de toxinas cerebrales. Para poder llegar a esta fase regulada por tu sistema nervioso debes cumplir con estos tres pilares biol\u00f3gicos y tu espacio si esta bien dise\u00f1ado apoyara (o saboteara).<\/p>\t\t\t\t\t\t\t\t<\/div>\n\t\t\t\t<\/div>\n\t\t\t\t\t<\/div>\n\t\t\t\t<\/div>\n\t\t<div class=\"elementor-element elementor-element-59ee87d e-flex e-con-boxed e-con e-parent\" data-id=\"59ee87d\" data-element_type=\"container\" data-e-type=\"container\">\n\t\t\t\t\t<div class=\"e-con-inner\">\n\t\t\t\t<div class=\"elementor-element elementor-element-471a358 elementor-widget elementor-widget-heading\" data-id=\"471a358\" data-element_type=\"widget\" data-e-type=\"widget\" data-widget_type=\"heading.default\">\n\t\t\t\t<div class=\"elementor-widget-container\">\n\t\t\t\t\t<h4 class=\"elementor-heading-title elementor-size-default\">1. Ritmos circadianos: El reloj interno que el espacio regula<\/h4>\t\t\t\t<\/div>\n\t\t\t\t<\/div>\n\t\t\t\t\t<\/div>\n\t\t\t\t<\/div>\n\t\t<div class=\"elementor-element elementor-element-2a0a5ef e-flex e-con-boxed e-con e-parent\" data-id=\"2a0a5ef\" data-element_type=\"container\" data-e-type=\"container\">\n\t\t\t\t\t<div class=\"e-con-inner\">\n\t\t\t\t<div class=\"elementor-element elementor-element-fb9f759 elementor-widget elementor-widget-text-editor\" data-id=\"fb9f759\" data-element_type=\"widget\" data-e-type=\"widget\" data-widget_type=\"text-editor.default\">\n\t\t\t\t<div class=\"elementor-widget-container\">\n\t\t\t\t\t\t\t\t\t<p>El n\u00facleo supraquiasm\u00e1tico (NSQ), una peque\u00f1a estructura cerebral del tama\u00f1o de un grano de arroz, dirige el ciclo sue\u00f1o-vigilia de 24 horas. Su sincronizador principal es la luz. Luz azul de espectro natural por la ma\u00f1ana: suprime melatonina, activa cortisol, te despierta. Oscuridad por la noche: activa melatonina, baja temperatura corporal, induce el sue\u00f1o.<\/p>\n<p>El problema moderno es la luz artificial constante. Tu cerebro no distingue entre la luz del sol de las 10:00h y un LED de 6.500K a las 22:00h. Ambas env\u00edan la misma se\u00f1al: &#8220;Es de d\u00eda. Act\u00edvate.&#8221;<\/p>\n<p>Gooley et al. (2011) demostraron que la exposici\u00f3n a luz de habitaci\u00f3n antes de dormir suprime la melatonina hasta un 80% y desplaza el ritmo circadiano entre 1,5 y 3 horas. Leer en tablet a las 22:00h equivale, biol\u00f3gicamente, a que tu cerebro crea que son las 13:00h.<\/p>\t\t\t\t\t\t\t\t<\/div>\n\t\t\t\t<\/div>\n\t\t\t\t\t<\/div>\n\t\t\t\t<\/div>\n\t\t<div class=\"elementor-element elementor-element-c5e489a e-flex e-con-boxed e-con e-parent\" data-id=\"c5e489a\" data-element_type=\"container\" data-e-type=\"container\">\n\t\t\t\t\t<div class=\"e-con-inner\">\n\t\t\t\t<div class=\"elementor-element elementor-element-4944b70 elementor-widget elementor-widget-heading\" data-id=\"4944b70\" data-element_type=\"widget\" data-e-type=\"widget\" data-widget_type=\"heading.default\">\n\t\t\t\t<div class=\"elementor-widget-container\">\n\t\t\t\t\t<h4 class=\"elementor-heading-title elementor-size-default\">2. Melatonina: La hormona que tu espacio puede silenciar<\/h4>\t\t\t\t<\/div>\n\t\t\t\t<\/div>\n\t\t\t\t\t<\/div>\n\t\t\t\t<\/div>\n\t\t<div class=\"elementor-element elementor-element-ff6a219 e-flex e-con-boxed e-con e-parent\" data-id=\"ff6a219\" data-element_type=\"container\" data-e-type=\"container\">\n\t\t\t\t\t<div class=\"e-con-inner\">\n\t\t\t\t<div class=\"elementor-element elementor-element-66dbde0 elementor-widget elementor-widget-text-editor\" data-id=\"66dbde0\" data-element_type=\"widget\" data-e-type=\"widget\" data-widget_type=\"text-editor.default\">\n\t\t\t\t<div class=\"elementor-widget-container\">\n\t\t\t\t\t\t\t\t\t<p>La gl\u00e1ndula pineal comienza a producir melatonina alrededor de las 21:00h de la noche si hay una oscuridad suficiente. Alcanza su pico entre las 2:00h y las 4:00h de la madrugada. Esa e una se\u00f1al qu\u00edmica que induce al sue\u00f1o y regula la reparaci\u00f3n celular nocturna.<\/p>\n<p>Lo que la bloquea no es solo la pantalla del m\u00f3vil. Es el LED del ba\u00f1o al que vas a las 3:00h. La farola que entra por la rendija de la persiana. El standby rojo del televisor. La temperatura ambiente por encima de 21\u00b0C. La luz del movil en modo on, los cables del cargador del laptop que dejas cargando, las luces del router que no apagas al ir a dormir. Cajochen et al. (2005), demostraron que apenas 2 horas de luz azul nocturna suprimen el 50% de la producci\u00f3n de melatonina.<\/p>\t\t\t\t\t\t\t\t<\/div>\n\t\t\t\t<\/div>\n\t\t\t\t\t<\/div>\n\t\t\t\t<\/div>\n\t\t<div class=\"elementor-element elementor-element-231ca0e e-flex e-con-boxed e-con e-parent\" data-id=\"231ca0e\" data-element_type=\"container\" data-e-type=\"container\">\n\t\t\t\t\t<div class=\"e-con-inner\">\n\t\t\t\t<div class=\"elementor-element elementor-element-6cac399 elementor-widget elementor-widget-heading\" data-id=\"6cac399\" data-element_type=\"widget\" data-e-type=\"widget\" data-widget_type=\"heading.default\">\n\t\t\t\t<div class=\"elementor-widget-container\">\n\t\t\t\t\t<h4 class=\"elementor-heading-title elementor-size-default\">3. Cortisol: El acelerador que el desorden visual mantiene encendido<\/h4>\t\t\t\t<\/div>\n\t\t\t\t<\/div>\n\t\t\t\t\t<\/div>\n\t\t\t\t<\/div>\n\t\t<div class=\"elementor-element elementor-element-998f301 e-flex e-con-boxed e-con e-parent\" data-id=\"998f301\" data-element_type=\"container\" data-e-type=\"container\">\n\t\t\t\t\t<div class=\"e-con-inner\">\n\t\t\t\t<div class=\"elementor-element elementor-element-568ddf8 elementor-widget elementor-widget-text-editor\" data-id=\"568ddf8\" data-element_type=\"widget\" data-e-type=\"widget\" data-widget_type=\"text-editor.default\">\n\t\t\t\t<div class=\"elementor-widget-container\">\n\t\t\t\t\t\t\t\t\t<p>El cortisol sigue un ciclo opuesto: por la man1ana esta m\u00e1s alto para activarte, y por la madrugada baja para permitir la reparaci\u00f3n durante el sue\u00f1o. Pero si tu dormitorio esta en constante emisi\u00f3n de se\u00f1ales de activaci\u00f3n como: la luz azul, el desorden visual, los colores saturados, los espejos que reflejan luces y movimientos, llevan al cortisol a permanecer elevado aunque sean las 23:00h.<\/p>\n<p>Intentar dormir con el cortisol elevado es como intentar meditar mientras suena una alarma de incendios. Tu biolog\u00eda recibe instrucciones contradictorias, la alerta se activa constante mente y si se repite a diario se convierte en insomnio cr\u00f3nico.<\/p>\t\t\t\t\t\t\t\t<\/div>\n\t\t\t\t<\/div>\n\t\t\t\t\t<\/div>\n\t\t\t\t<\/div>\n\t\t<div class=\"elementor-element elementor-element-1340920 e-flex e-con-boxed e-con e-parent\" data-id=\"1340920\" data-element_type=\"container\" data-e-type=\"container\">\n\t\t\t\t\t<div class=\"e-con-inner\">\n\t\t\t\t<div class=\"elementor-element elementor-element-3cd219d elementor-widget elementor-widget-heading\" data-id=\"3cd219d\" data-element_type=\"widget\" data-e-type=\"widget\" data-widget_type=\"heading.default\">\n\t\t\t\t<div class=\"elementor-widget-container\">\n\t\t\t\t\t<h4 class=\"elementor-heading-title elementor-size-default\">Estas son las 6 situaciones m\u00e1s comunes en tu dormitorio que no te dejan conciliar el sue\u00f1o <\/h4>\t\t\t\t<\/div>\n\t\t\t\t<\/div>\n\t\t\t\t\t<\/div>\n\t\t\t\t<\/div>\n\t\t<div class=\"elementor-element elementor-element-3f31f89 e-flex e-con-boxed e-con e-parent\" data-id=\"3f31f89\" data-element_type=\"container\" data-e-type=\"container\">\n\t\t\t\t\t<div class=\"e-con-inner\">\n\t\t\t\t<div class=\"elementor-element elementor-element-cc2ed9b elementor-widget elementor-widget-heading\" data-id=\"cc2ed9b\" data-element_type=\"widget\" data-e-type=\"widget\" data-widget_type=\"heading.default\">\n\t\t\t\t<div class=\"elementor-widget-container\">\n\t\t\t\t\t<h5 class=\"elementor-heading-title elementor-size-default\">1. Luz azul nocturna: <\/h5>\t\t\t\t<\/div>\n\t\t\t\t<\/div>\n\t\t\t\t\t<\/div>\n\t\t\t\t<\/div>\n\t\t<div class=\"elementor-element elementor-element-ac8b080 e-flex e-con-boxed e-con e-parent\" data-id=\"ac8b080\" data-element_type=\"container\" data-e-type=\"container\">\n\t\t\t\t\t<div class=\"e-con-inner\">\n\t\t\t\t<div class=\"elementor-element elementor-element-cea2ae8 elementor-widget elementor-widget-text-editor\" data-id=\"cea2ae8\" data-element_type=\"widget\" data-e-type=\"widget\" data-widget_type=\"text-editor.default\">\n\t\t\t\t<div class=\"elementor-widget-container\">\n\t\t\t\t\t\t\t\t\t<p>\u00bfUsas luces LEDs de 5.000-6.500K en tu habitaci\u00f3n y las dejas encendidas despu\u00e9s de las 20:00h, pantallas, relojes digitales, luz de farola sin cortinas opacas? Cada fuente de luz azul que se mantiene encendida durante la noche le dice a tu cerebro: &#8220;a\u00fan no es la hora de dormir.&#8221;<\/p>\n<p>La soluci\u00f3n es una transici\u00f3n gradual: pasando de luz neutra (3.500K) a luz c\u00e1lida (2.700K) a luz \u00e1mbar (1.800K) a medida que avanza la noche. Si tu habitaci\u00f3n parece iluminada como una oficina a las 22:00h, tu cerebro cree que est\u00e1s en la oficina.<\/p>\t\t\t\t\t\t\t\t<\/div>\n\t\t\t\t<\/div>\n\t\t\t\t\t<\/div>\n\t\t\t\t<\/div>\n\t\t<div class=\"elementor-element elementor-element-803af9f e-flex e-con-boxed e-con e-parent\" data-id=\"803af9f\" data-element_type=\"container\" data-e-type=\"container\">\n\t\t\t\t\t<div class=\"e-con-inner\">\n\t\t\t\t<div class=\"elementor-element elementor-element-7cf8ca7 elementor-widget elementor-widget-image\" data-id=\"7cf8ca7\" data-element_type=\"widget\" data-e-type=\"widget\" data-widget_type=\"image.default\">\n\t\t\t\t<div class=\"elementor-widget-container\">\n\t\t\t\t\t\t\t\t\t\t\t\t\t\t\t<img fetchpriority=\"high\" decoding=\"async\" width=\"1024\" height=\"572\" src=\"https:\/\/espaciosparaser.com\/wp-content\/uploads\/2026\/03\/E_S-Art-Descanso5-1024x572.jpg\" class=\"attachment-large size-large wp-image-3877 wp-post-image\" alt=\"\" srcset=\"https:\/\/espaciosparaser.com\/wp-content\/uploads\/2026\/03\/E_S-Art-Descanso5-1024x572.jpg 1024w, https:\/\/espaciosparaser.com\/wp-content\/uploads\/2026\/03\/E_S-Art-Descanso5-300x167.jpg 300w, https:\/\/espaciosparaser.com\/wp-content\/uploads\/2026\/03\/E_S-Art-Descanso5-768x429.jpg 768w, https:\/\/espaciosparaser.com\/wp-content\/uploads\/2026\/03\/E_S-Art-Descanso5-600x335.jpg 600w, https:\/\/espaciosparaser.com\/wp-content\/uploads\/2026\/03\/E_S-Art-Descanso5.jpg 1376w\" sizes=\"(max-width: 1024px) 100vw, 1024px\" \/>\t\t\t\t\t\t\t\t\t\t\t\t\t\t\t<\/div>\n\t\t\t\t<\/div>\n\t\t\t\t\t<\/div>\n\t\t\t\t<\/div>\n\t\t<div class=\"elementor-element elementor-element-eecf40d e-flex e-con-boxed e-con e-parent\" data-id=\"eecf40d\" data-element_type=\"container\" data-e-type=\"container\">\n\t\t\t\t\t<div class=\"e-con-inner\">\n\t\t\t\t<div class=\"elementor-element elementor-element-41478d4 elementor-widget elementor-widget-heading\" data-id=\"41478d4\" data-element_type=\"widget\" data-e-type=\"widget\" data-widget_type=\"heading.default\">\n\t\t\t\t<div class=\"elementor-widget-container\">\n\t\t\t\t\t<h5 class=\"elementor-heading-title elementor-size-default\">2. Orientaci\u00f3n magn\u00e9tica desfavorable<\/h5>\t\t\t\t<\/div>\n\t\t\t\t<\/div>\n\t\t\t\t\t<\/div>\n\t\t\t\t<\/div>\n\t\t<div class=\"elementor-element elementor-element-a86af2a e-flex e-con-boxed e-con e-parent\" data-id=\"a86af2a\" data-element_type=\"container\" data-e-type=\"container\">\n\t\t\t\t\t<div class=\"e-con-inner\">\n\t\t\t\t<div class=\"elementor-element elementor-element-9cf553c elementor-widget elementor-widget-text-editor\" data-id=\"9cf553c\" data-element_type=\"widget\" data-e-type=\"widget\" data-widget_type=\"text-editor.default\">\n\t\t\t\t<div class=\"elementor-widget-container\">\n\t\t\t\t\t\t\t\t\t<p>El Vastu Shastra, esta ciencia milenaria de los Vedas, prescribe ya desde hace m\u00e1s de 5.000, que para lograr mantener un descanso reparador deb\u00eda apuntar hacia el sur durante el sue\u00f1o. La validaci\u00f3n cient\u00edfica lleg\u00f3 mucho despu\u00e9s: Colzato et al. (2017) documentaron que la alineaci\u00f3n norte-sur durante el sue\u00f1o mejora la coherencia interhemisf\u00e9rica durante las pruebas con el EEG.<\/p>\n<p>El campo magn\u00e9tico terrestre tiene un efecto sutil pero real sobre la arquitectura del sue\u00f1o. Dormir con la cabeza hacia el norte crea una fricci\u00f3n magn\u00e9tica que fragmenta el descanso sin que seas consciente de ello.<\/p>\t\t\t\t\t\t\t\t<\/div>\n\t\t\t\t<\/div>\n\t\t\t\t\t<\/div>\n\t\t\t\t<\/div>\n\t\t<div class=\"elementor-element elementor-element-cda959f e-flex e-con-boxed e-con e-parent\" data-id=\"cda959f\" data-element_type=\"container\" data-e-type=\"container\">\n\t\t\t\t\t<div class=\"e-con-inner\">\n\t\t\t\t<div class=\"elementor-element elementor-element-52f2192 elementor-widget elementor-widget-heading\" data-id=\"52f2192\" data-element_type=\"widget\" data-e-type=\"widget\" data-widget_type=\"heading.default\">\n\t\t\t\t<div class=\"elementor-widget-container\">\n\t\t\t\t\t<h5 class=\"elementor-heading-title elementor-size-default\">3. Corriente cruzada puerta-ventana<\/h5>\t\t\t\t<\/div>\n\t\t\t\t<\/div>\n\t\t\t\t\t<\/div>\n\t\t\t\t<\/div>\n\t\t<div class=\"elementor-element elementor-element-623b880 e-flex e-con-boxed e-con e-parent\" data-id=\"623b880\" data-element_type=\"container\" data-e-type=\"container\">\n\t\t\t\t\t<div class=\"e-con-inner\">\n\t\t\t\t<div class=\"elementor-element elementor-element-b193b9f elementor-widget elementor-widget-text-editor\" data-id=\"b193b9f\" data-element_type=\"widget\" data-e-type=\"widget\" data-widget_type=\"text-editor.default\">\n\t\t\t\t<div class=\"elementor-widget-container\">\n\t\t\t\t\t\t\t\t\t<p>Cuando t\u00fa cama est\u00e1 alineada en l\u00ednea directa entre la puerta y la ventana, el cerebro reptiliano (el tallo cerebral que monitoriza el entorno incluso mientras duermes) percibe que hay una zona de paso y tr\u00e1nsito, activando as\u00ed el sistema nervioso simp\u00e1tico de forma sutil y constante. Esto impide que llegue a la fase N3 de sue\u00f1o profundo.<\/p>\n<p>Mantener la cama fuera de esa corriente directa, permite al sistema nervioso aut\u00f3nomo cambiar al modo de calma (parasimp\u00e1tico): el estado desde el que el cuerpo se repara y llega al sue\u00f1o profundo.<\/p>\t\t\t\t\t\t\t\t<\/div>\n\t\t\t\t<\/div>\n\t\t\t\t\t<\/div>\n\t\t\t\t<\/div>\n\t\t<div class=\"elementor-element elementor-element-d507146 e-flex e-con-boxed e-con e-parent\" data-id=\"d507146\" data-element_type=\"container\" data-e-type=\"container\">\n\t\t\t\t\t<div class=\"e-con-inner\">\n\t\t\t\t<div class=\"elementor-element elementor-element-1cbd865 elementor-widget elementor-widget-heading\" data-id=\"1cbd865\" data-element_type=\"widget\" data-e-type=\"widget\" data-widget_type=\"heading.default\">\n\t\t\t\t<div class=\"elementor-widget-container\">\n\t\t\t\t\t<h5 class=\"elementor-heading-title elementor-size-default\">4. Materiales sint\u00e9ticos\n<\/h5>\t\t\t\t<\/div>\n\t\t\t\t<\/div>\n\t\t\t\t\t<\/div>\n\t\t\t\t<\/div>\n\t\t<div class=\"elementor-element elementor-element-a7d451f e-grid e-con-boxed e-con e-parent\" data-id=\"a7d451f\" data-element_type=\"container\" data-e-type=\"container\">\n\t\t\t\t\t<div class=\"e-con-inner\">\n\t\t\t\t<div class=\"elementor-element elementor-element-91262a7 elementor-widget elementor-widget-text-editor\" data-id=\"91262a7\" data-element_type=\"widget\" data-e-type=\"widget\" data-widget_type=\"text-editor.default\">\n\t\t\t\t<div class=\"elementor-widget-container\">\n\t\t\t\t\t\t\t\t\t<p>Tu piel es el \u00f3rgano m\u00e1s grande del cuerpo y procesa texturas de forma continua, incluso durante el sue\u00f1o. El cerebro humano evolucion\u00f3 en contacto con madera, piedra y fibras naturales. Los materiales sint\u00e9ticos \u2014laminados, poli\u00e9ster, pl\u00e1stico\u2014 no son reconocidos como &#8220;seguros&#8221; por el sistema nervioso evolutivo.<\/p>\n<p>Tsunetsugu et al. (2007) demostraron que el contacto visual con la madera reduce el cortisol salival un 13%. Kelz et al. (2011) documentaron una reducci\u00f3n de 6 pulsaciones por minuto en la frecuencia card\u00edaca de los pacientes, cuando estaban en entornos de madera natural. La calidad de tu sue\u00f1o se ve reflejada en como dise\u00f1as tu espacio.\u00a0<\/p>\t\t\t\t\t\t\t\t<\/div>\n\t\t\t\t<\/div>\n\t\t\t\t<div class=\"elementor-element elementor-element-2dcc8a7 elementor-widget elementor-widget-image\" data-id=\"2dcc8a7\" data-element_type=\"widget\" data-e-type=\"widget\" data-widget_type=\"image.default\">\n\t\t\t\t<div class=\"elementor-widget-container\">\n\t\t\t\t\t\t\t\t\t\t\t\t\t\t\t<img decoding=\"async\" width=\"1024\" height=\"1024\" src=\"https:\/\/espaciosparaser.com\/wp-content\/uploads\/2026\/03\/E_S-Art-Descanso2.jpg\" class=\"attachment-large size-large wp-image-3888 wp-post-image\" alt=\"\" srcset=\"https:\/\/espaciosparaser.com\/wp-content\/uploads\/2026\/03\/E_S-Art-Descanso2.jpg 1024w, https:\/\/espaciosparaser.com\/wp-content\/uploads\/2026\/03\/E_S-Art-Descanso2-300x300.jpg 300w, https:\/\/espaciosparaser.com\/wp-content\/uploads\/2026\/03\/E_S-Art-Descanso2-150x150.jpg 150w, https:\/\/espaciosparaser.com\/wp-content\/uploads\/2026\/03\/E_S-Art-Descanso2-768x768.jpg 768w, https:\/\/espaciosparaser.com\/wp-content\/uploads\/2026\/03\/E_S-Art-Descanso2-600x600.jpg 600w, https:\/\/espaciosparaser.com\/wp-content\/uploads\/2026\/03\/E_S-Art-Descanso2-100x100.jpg 100w\" sizes=\"(max-width: 1024px) 100vw, 1024px\" \/>\t\t\t\t\t\t\t\t\t\t\t\t\t\t\t<\/div>\n\t\t\t\t<\/div>\n\t\t\t\t\t<\/div>\n\t\t\t\t<\/div>\n\t\t<div class=\"elementor-element elementor-element-2021059 e-flex e-con-boxed e-con e-parent\" data-id=\"2021059\" data-element_type=\"container\" data-e-type=\"container\">\n\t\t\t\t\t<div class=\"e-con-inner\">\n\t\t\t\t<div class=\"elementor-element elementor-element-73a35bf elementor-widget elementor-widget-heading\" data-id=\"73a35bf\" data-element_type=\"widget\" data-e-type=\"widget\" data-widget_type=\"heading.default\">\n\t\t\t\t<div class=\"elementor-widget-container\">\n\t\t\t\t\t<h5 class=\"elementor-heading-title elementor-size-default\">5. Desorden visual y espejo frontal<\/h5>\t\t\t\t<\/div>\n\t\t\t\t<\/div>\n\t\t\t\t\t<\/div>\n\t\t\t\t<\/div>\n\t\t<div class=\"elementor-element elementor-element-e3bad7a e-flex e-con-boxed e-con e-parent\" data-id=\"e3bad7a\" data-element_type=\"container\" data-e-type=\"container\">\n\t\t\t\t\t<div class=\"e-con-inner\">\n\t\t\t\t<div class=\"elementor-element elementor-element-1c18690 elementor-widget elementor-widget-text-editor\" data-id=\"1c18690\" data-element_type=\"widget\" data-e-type=\"widget\" data-widget_type=\"text-editor.default\">\n\t\t\t\t<div class=\"elementor-widget-container\">\n\t\t\t\t\t\t\t\t\t<p>El desorden visual activa la corteza cingulada anterior, la misma zona cerebral que procesa el dolor f\u00edsico y que actua como intermediario de tus emociones, debe desactivarse o calmarse sino estar\u00e1s el cerebro sigue monitoreando conlfictos. Cada objeto fuera de lugar es un est\u00edmulo que el cerebro registra, incluso durante el sue\u00f1o. Un espejo frente a la cama refleja movimiento y luz de forma continua, activando la visi\u00f3n perif\u00e9rica en modo de alerta. Tu sue\u00f1o se vera fragmentado constantemente.\u00a0<\/p>\n<p>En Vastu, el espejo es Rajas energ\u00eda de actividad y movimiento. Mientras que el descanso requiere de una cantidad de Tamas: quietud.<\/p>\t\t\t\t\t\t\t\t<\/div>\n\t\t\t\t<\/div>\n\t\t\t\t\t<\/div>\n\t\t\t\t<\/div>\n\t\t<div class=\"elementor-element elementor-element-a82df3c e-flex e-con-boxed e-con e-parent\" data-id=\"a82df3c\" data-element_type=\"container\" data-e-type=\"container\">\n\t\t\t\t\t<div class=\"e-con-inner\">\n\t\t\t\t<div class=\"elementor-element elementor-element-2ee0cf2 elementor-widget elementor-widget-heading\" data-id=\"2ee0cf2\" data-element_type=\"widget\" data-e-type=\"widget\" data-widget_type=\"heading.default\">\n\t\t\t\t<div class=\"elementor-widget-container\">\n\t\t\t\t\t<h5 class=\"elementor-heading-title elementor-size-default\">6. Temperatura de color equivocada<\/h5>\t\t\t\t<\/div>\n\t\t\t\t<\/div>\n\t\t\t\t\t<\/div>\n\t\t\t\t<\/div>\n\t\t<div class=\"elementor-element elementor-element-2445ad9 e-grid e-con-boxed e-con e-parent\" data-id=\"2445ad9\" data-element_type=\"container\" data-e-type=\"container\">\n\t\t\t\t\t<div class=\"e-con-inner\">\n\t\t\t\t<div class=\"elementor-element elementor-element-7819dcf elementor-widget elementor-widget-text-editor\" data-id=\"7819dcf\" data-element_type=\"widget\" data-e-type=\"widget\" data-widget_type=\"text-editor.default\">\n\t\t\t\t<div class=\"elementor-widget-container\">\n\t\t\t\t\t\t\t\t\t<p>Si las paredes de tu habitaci\u00f3n son blancas puras y tienes textiles en tonos grises o azules y tonos fr\u00edos, estos comunicar\u00e1n alerta, no descanso. <br \/><br \/>Por otra parte existe una disociaci\u00f3n importante que muy poca gente conoce: y es la de la temperatura ambiente ideal para dormir y la temperatura de color visual. Mientras la temperatura ambiental ideal debe ser fresca (17-19\u00b0C) la temperatura de color visual debe ser c\u00e1lida.<\/p>\n<p>Por lo tanto se recomienda e uso de colores como el beige, arena, terracota suave, verde salvia, madera natural. Dazkir y Read (2012) confirmaron que los colores c\u00e1lidos generan relajaci\u00f3n y los fr\u00edos generan alerta en la percepci\u00f3n del entorno.<\/p>\t\t\t\t\t\t\t\t<\/div>\n\t\t\t\t<\/div>\n\t\t\t\t<div class=\"elementor-element elementor-element-dc23682 elementor-widget elementor-widget-image\" data-id=\"dc23682\" data-element_type=\"widget\" data-e-type=\"widget\" data-widget_type=\"image.default\">\n\t\t\t\t<div class=\"elementor-widget-container\">\n\t\t\t\t\t\t\t\t\t\t\t\t\t\t\t<img decoding=\"async\" width=\"825\" height=\"1024\" src=\"https:\/\/espaciosparaser.com\/wp-content\/uploads\/2026\/03\/E_S-Art-Descanso4-825x1024.jpg\" class=\"attachment-large size-large wp-image-3892 wp-post-image\" alt=\"\" srcset=\"https:\/\/espaciosparaser.com\/wp-content\/uploads\/2026\/03\/E_S-Art-Descanso4-825x1024.jpg 825w, https:\/\/espaciosparaser.com\/wp-content\/uploads\/2026\/03\/E_S-Art-Descanso4-242x300.jpg 242w, https:\/\/espaciosparaser.com\/wp-content\/uploads\/2026\/03\/E_S-Art-Descanso4-768x953.jpg 768w, https:\/\/espaciosparaser.com\/wp-content\/uploads\/2026\/03\/E_S-Art-Descanso4-300x372.jpg 300w, https:\/\/espaciosparaser.com\/wp-content\/uploads\/2026\/03\/E_S-Art-Descanso4-600x745.jpg 600w, https:\/\/espaciosparaser.com\/wp-content\/uploads\/2026\/03\/E_S-Art-Descanso4.jpg 928w\" sizes=\"(max-width: 825px) 100vw, 825px\" \/>\t\t\t\t\t\t\t\t\t\t\t\t\t\t\t<\/div>\n\t\t\t\t<\/div>\n\t\t\t\t\t<\/div>\n\t\t\t\t<\/div>\n\t\t<div class=\"elementor-element elementor-element-1d74681 e-flex e-con-boxed e-con e-parent\" data-id=\"1d74681\" data-element_type=\"container\" data-e-type=\"container\">\n\t\t\t\t\t<div class=\"e-con-inner\">\n\t\t\t\t<div class=\"elementor-element elementor-element-7c0001e elementor-widget elementor-widget-heading\" data-id=\"7c0001e\" data-element_type=\"widget\" data-e-type=\"widget\" data-widget_type=\"heading.default\">\n\t\t\t\t<div class=\"elementor-widget-container\">\n\t\t\t\t\t<h5 class=\"elementor-heading-title elementor-size-default\">Vastu para el dormitorio: Sabidur\u00eda ancestral validada<\/h5>\t\t\t\t<\/div>\n\t\t\t\t<\/div>\n\t\t\t\t\t<\/div>\n\t\t\t\t<\/div>\n\t\t<div class=\"elementor-element elementor-element-f0b8179 e-grid e-con-boxed e-con e-parent\" data-id=\"f0b8179\" data-element_type=\"container\" data-e-type=\"container\">\n\t\t\t\t\t<div class=\"e-con-inner\">\n\t\t\t\t<div class=\"elementor-element elementor-element-db9e051 elementor-widget elementor-widget-text-editor\" data-id=\"db9e051\" data-element_type=\"widget\" data-e-type=\"widget\" data-widget_type=\"text-editor.default\">\n\t\t\t\t<div class=\"elementor-widget-container\">\n\t\t\t\t\t\t\t\t\t<p>El Vastu Shastra no planteo un dise\u00f1\u00f3 del dormitorio solo como un espacio en donde dormir. Los sabios del Vastu, le llamaron el Garbhagriha (el sanctum sanctorum), el espacio m\u00e1s sagrado en la vivienda. No por razones religiosas, sino por razones funcionales: el sue\u00f1o es el estado de m\u00e1xima vulnerabilidad del ser humano, y por lo tanto requiere de un entorno m\u00e1s protegido y alineado.<\/p>\t\t\t\t\t\t\t\t<\/div>\n\t\t\t\t<\/div>\n\t\t\t\t<div class=\"elementor-element elementor-element-0d07183 elementor-widget elementor-widget-image\" data-id=\"0d07183\" data-element_type=\"widget\" data-e-type=\"widget\" data-widget_type=\"image.default\">\n\t\t\t\t<div class=\"elementor-widget-container\">\n\t\t\t\t\t\t\t\t\t\t\t\t\t\t\t<img loading=\"lazy\" decoding=\"async\" width=\"825\" height=\"1024\" src=\"https:\/\/espaciosparaser.com\/wp-content\/uploads\/2026\/03\/E_S-Art-Descanso3-825x1024.jpg\" class=\"attachment-large size-large wp-image-3896 wp-post-image\" alt=\"\" srcset=\"https:\/\/espaciosparaser.com\/wp-content\/uploads\/2026\/03\/E_S-Art-Descanso3-825x1024.jpg 825w, https:\/\/espaciosparaser.com\/wp-content\/uploads\/2026\/03\/E_S-Art-Descanso3-242x300.jpg 242w, https:\/\/espaciosparaser.com\/wp-content\/uploads\/2026\/03\/E_S-Art-Descanso3-768x953.jpg 768w, https:\/\/espaciosparaser.com\/wp-content\/uploads\/2026\/03\/E_S-Art-Descanso3-300x372.jpg 300w, https:\/\/espaciosparaser.com\/wp-content\/uploads\/2026\/03\/E_S-Art-Descanso3-600x745.jpg 600w, https:\/\/espaciosparaser.com\/wp-content\/uploads\/2026\/03\/E_S-Art-Descanso3.jpg 928w\" sizes=\"(max-width: 825px) 100vw, 825px\" \/>\t\t\t\t\t\t\t\t\t\t\t\t\t\t\t<\/div>\n\t\t\t\t<\/div>\n\t\t\t\t\t<\/div>\n\t\t\t\t<\/div>\n\t\t<div class=\"elementor-element elementor-element-22fcd60 e-flex e-con-boxed e-con e-parent\" data-id=\"22fcd60\" data-element_type=\"container\" data-e-type=\"container\">\n\t\t\t\t\t<div class=\"e-con-inner\">\n\t\t\t\t<div class=\"elementor-element elementor-element-f1f4201 elementor-widget elementor-widget-heading\" data-id=\"f1f4201\" data-element_type=\"widget\" data-e-type=\"widget\" data-widget_type=\"heading.default\">\n\t\t\t\t<div class=\"elementor-widget-container\">\n\t\t\t\t\t<h5 class=\"elementor-heading-title elementor-size-default\">Cinco principios Vastu para el dormitorio que hoy tienen validaci\u00f3n cient\u00edfica directa:<\/h5>\t\t\t\t<\/div>\n\t\t\t\t<\/div>\n\t\t\t\t\t<\/div>\n\t\t\t\t<\/div>\n\t\t<div class=\"elementor-element elementor-element-218bd06 e-flex e-con-boxed e-con e-parent\" data-id=\"218bd06\" data-element_type=\"container\" data-e-type=\"container\">\n\t\t\t\t\t<div class=\"e-con-inner\">\n\t\t\t\t<div class=\"elementor-element elementor-element-604e2a2 elementor-widget elementor-widget-text-editor\" data-id=\"604e2a2\" data-element_type=\"widget\" data-e-type=\"widget\" data-widget_type=\"text-editor.default\">\n\t\t\t\t<div class=\"elementor-widget-container\">\n\t\t\t\t\t\t\t\t\t<p><strong>1. Ubicaci\u00f3n en el suroeste de la casa.<\/strong> El suroeste recibe menor luz solar matutina directa, lo que favorece la producci\u00f3n natural de melatonina nocturna y evita el despertar prematuro por luz del amanecer. Lockley et al. (2006) documentaron que la exposici\u00f3n a luz matutina adelanta el ritmo circadiano \u2014el efecto opuesto a lo que necesitas si quieres dormir hasta las 7:30h.<\/p><p><strong>2. Cabeza orientada al sur<\/strong> (segunda opci\u00f3n: Este). Alineaci\u00f3n con el flujo magn\u00e9tico terrestre. La coherencia interhemisf\u00e9rica de los resultados del EEG mejoran con esta orientaci\u00f3n (Colzato et al., 2017). Evitar cabeza al norte u oeste.<\/p><p><strong>3. Cabecero contra pared s\u00f3lida,<\/strong> fuera de corriente directa puerta-ventana. Activaci\u00f3n del sistema parasimp\u00e1tico = un descanso reparador. La tradici\u00f3n v\u00e9dica a\u00f1ade: los pies no deben apuntar a la puerta \u2014posici\u00f3n simb\u00f3licamente asociada a la muerte, y el sistema nervioso inconscientemente registra como una amenaza.<\/p><p><strong>4. Los cinco elementos equilibrados (Pancha Mahabhuta).<\/strong> <strong>Tierra:<\/strong> materiales s\u00f3lidos y naturales. <strong>Fuego:<\/strong> mantener al m\u00ednimo por lo tanto reducir los aparatos electr\u00f3nicos, cuyos campos electromagn\u00e9ticos alteran la producci\u00f3n de melatonina (Burch et al., 1999). <strong>Agua:<\/strong> evitar fuentes o acuarios en el dormitorio, ya que generan energ\u00eda de activaci\u00f3n. <strong>Aire:<\/strong> ventilaci\u00f3n suave, sin corrientes directas. <strong>\u00c9ter:<\/strong> espacio vac\u00edo en donde no hay mobiliario o nada que se interponga, el minimalismo no es est\u00e9tica, es funci\u00f3n biol\u00f3gica.<\/p><p><strong>5. Proporciones arm\u00f3nicas.<\/strong> Los dormitorios deben responder a formas cuadradas o rectangulares en ratios de aproximadamente 1:2. Los techos de altura media favorecen la interiorizaci\u00f3n que precede al sue\u00f1o profundo. Vartanian et al. (2013) documentaron que los techos altos activan el pensamiento abstracto (lo opuesto a la desconexi\u00f3n que necesitamos durante el descanso).<\/p>\t\t\t\t\t\t\t\t<\/div>\n\t\t\t\t<\/div>\n\t\t\t\t\t<\/div>\n\t\t\t\t<\/div>\n\t\t<div class=\"elementor-element elementor-element-0e3c428 e-flex e-con-boxed e-con e-parent\" data-id=\"0e3c428\" data-element_type=\"container\" data-e-type=\"container\">\n\t\t\t\t\t<div class=\"e-con-inner\">\n\t\t\t\t<div class=\"elementor-element elementor-element-63dd5c4 elementor-widget elementor-widget-heading\" data-id=\"63dd5c4\" data-element_type=\"widget\" data-e-type=\"widget\" data-widget_type=\"heading.default\">\n\t\t\t\t<div class=\"elementor-widget-container\">\n\t\t\t\t\t<h5 class=\"elementor-heading-title elementor-size-default\">Gu\u00eda para aplicar la neuroarquitectura en tu habitaci\u00f3n:<\/h5>\t\t\t\t<\/div>\n\t\t\t\t<\/div>\n\t\t\t\t\t<\/div>\n\t\t\t\t<\/div>\n\t\t<div class=\"elementor-element elementor-element-94e297b e-flex e-con-boxed e-con e-parent\" data-id=\"94e297b\" data-element_type=\"container\" data-e-type=\"container\">\n\t\t\t\t\t<div class=\"e-con-inner\">\n\t\t\t\t<div class=\"elementor-element elementor-element-4030df6 elementor-widget elementor-widget-text-editor\" data-id=\"4030df6\" data-element_type=\"widget\" data-e-type=\"widget\" data-widget_type=\"text-editor.default\">\n\t\t\t\t<div class=\"elementor-widget-container\">\n\t\t\t\t\t\t\t\t\t<p>El diagn\u00f3stico es el primer paso. La intervenci\u00f3n, el segundo.<\/p>\n<p><strong>Paso 1: Auditar del dormitorio<br \/><\/strong>Antes de comprar nada, eval\u00faa tu situaci\u00f3n actual con este checklist:<\/p>\n<p>&#8211; \u00bfOrientaci\u00f3n de la cama? (Cabeza norte = problema prioritario)<br \/>&#8211; \u00bfCorriente cruzada puerta-ventana? (Cama en esa l\u00ednea = problema)<br \/>&#8211; \u00bfLuz azul activa despu\u00e9s de las 20:00h? (LEDs fr\u00edos, pantallas, farolas = problema)<br \/>&#8211; \u00bfMateriales sint\u00e9ticos superiores al 60%? (Laminados, poli\u00e9ster, pl\u00e1stico = problema)<br \/>&#8211; \u00bfDesorden visual o espejo frontal a la cama? (Problema)<br \/>&#8211; \u00bfTemperatura de color: blanco puro, grises, azules? (Problema)<\/p>\n<p><strong>Paso 2: Intervenciones por nivel de inversi\u00f3n<br \/><\/strong>Quick wins (0-200\u20ac): Reorientar la cama hacia el sur. Eliminar pantallas del dormitorio. Cubrir espejos frontales por la noche con una tela oscura. Cambiar bombillas a 2.700K regulable. Limpiar y despejar superficies.<\/p>\n<p>Intervenciones medias (200-1.000\u20ac): Cortinas blackout. Textiles naturales \u2014s\u00e1banas de lino, manta de lana merino. Alfombra de yute o lana. Pintura en tonos tierra. Una sansevieria o pothos (liberan ox\u00edgeno de noche).<\/p>\n<p>Intervenciones de reforma (1.000\u20ac+):* Cabecero de madera maciza. Suelo de parquet natural. Sistema de iluminaci\u00f3n circadiana automatizada. Optimizaci\u00f3n de la orientaci\u00f3n de ventanas.<\/p>\n<p><strong>Paso 3: Medici\u00f3n<br \/><\/strong>A las 4 semanas eval\u00faa: el tiempo que toma hasta poder conciliar el sue\u00f1o (el objetivo: menos de 20 minutos), despertares nocturnos (objetivo: 0-1), despertar natural sin alarma, sensaci\u00f3n subjetiva de descanso (objetivo: 8+\/10).<\/p>\t\t\t\t\t\t\t\t<\/div>\n\t\t\t\t<\/div>\n\t\t\t\t\t<\/div>\n\t\t\t\t<\/div>\n\t\t<div class=\"elementor-element elementor-element-552c19e e-flex e-con-boxed e-con e-parent\" data-id=\"552c19e\" data-element_type=\"container\" data-e-type=\"container\">\n\t\t\t\t\t<div class=\"e-con-inner\">\n\t\t\t\t<div class=\"elementor-element elementor-element-19da4a7 elementor-widget elementor-widget-heading\" data-id=\"19da4a7\" data-element_type=\"widget\" data-e-type=\"widget\" data-widget_type=\"heading.default\">\n\t\t\t\t<div class=\"elementor-widget-container\">\n\t\t\t\t\t<h5 class=\"elementor-heading-title elementor-size-default\">El patr\u00f3n m\u00e1s frecuente: Cuando el dormitorio trabaja en contra<\/h5>\t\t\t\t<\/div>\n\t\t\t\t<\/div>\n\t\t\t\t\t<\/div>\n\t\t\t\t<\/div>\n\t\t<div class=\"elementor-element elementor-element-ae1d23b e-flex e-con-boxed e-con e-parent\" data-id=\"ae1d23b\" data-element_type=\"container\" data-e-type=\"container\">\n\t\t\t\t\t<div class=\"e-con-inner\">\n\t\t\t\t<div class=\"elementor-element elementor-element-769e28a elementor-widget elementor-widget-text-editor\" data-id=\"769e28a\" data-element_type=\"widget\" data-e-type=\"widget\" data-widget_type=\"text-editor.default\">\n\t\t\t\t<div class=\"elementor-widget-container\">\n\t\t\t\t\t\t\t\t\t<p>En los espacios y dormitorios que analizo, raramente el problema es un \u00fanico factor. Lo frecuente es un conjunto de varios elementos que, por si solos, ya tienen un impacto medible en como afecta la calidad del sue\u00f1o \u2014 todos estos factores al final crean un entorno dise\u00f1ado para dificultar el descanso profundo.<\/p>\n<p>Los patrones que encuentro con m\u00e1s frecuencia en habitaciones son: Dormir con la cabeza orientada al norte, la cama esta justo en corriente directa puerta-ventana, las entrada de luz exterior sin blackout, fuentes de luz azul nocturna (relojes digitales, standby de aparatos) cerca de la cama, espejos en la habitaci\u00f3n encarados a la cama, y un desorden visual acumulado.<\/p>\n<p>Llevo a cabo un diagn\u00f3stico que no es m\u00e9dico, sino que es espacial. Aun asi no es gen\u00e9rico: El mismo dormitorio mal distribuido, afecta de forma diferente a personas con constituciones distintas. En Vastu avanzado, usamos la carta natal (Jyotisha) no como una lectura predictiva \u2014 sino como un mapa que define la constituci\u00f3n de la persona. Las dominancias planetarias en el momento del nacimiento capturan patrones de respuestas fisiol\u00f3gicas, umbrales de activaci\u00f3n del sistema nervioso y sensibilidades sensoriales que var\u00edan de persona a persona. Lo que Vastu prescribe como principio universal, el Jyotisha lo calibra al individuo. Dos personas en la misma habitaci\u00f3n mal distribuida duermen diferente \u2014 por lo tanto necesitan intervenciones diferentes.<\/p>\n<p>La intervenci\u00f3n no requiere una reforma completa: la mayor\u00eda de los cambios significativos se implementan en dos semanas, con una inversi\u00f3n razonada, reorientando la cama, ajustando la iluminaci\u00f3n y eliminando los est\u00edmulos visuales nocturnos, Definiendo los patrones de colores, materiales y texturas que se adapten a la constituci\u00f3n de la persona o personas que habitan ese espacio.<\/p>\n<p>Los par\u00e1metros que mido a las seis semanas con por lo general: el tiempo que tarda una persona en conciliar el sue\u00f1o (objetivo cl\u00ednico: menos de 20 minutos), n\u00famero de despertares nocturnos (objetivo: 0-1), la calidad subjetiva del descanso y, cuando aplica ver si el habitante decide prescindir de ayudas externas para dormir.<\/p>\t\t\t\t\t\t\t\t<\/div>\n\t\t\t\t<\/div>\n\t\t\t\t\t<\/div>\n\t\t\t\t<\/div>\n\t\t<div class=\"elementor-element elementor-element-967cfc8 e-flex e-con-boxed e-con e-parent\" data-id=\"967cfc8\" data-element_type=\"container\" data-e-type=\"container\">\n\t\t\t\t\t<div class=\"e-con-inner\">\n\t\t\t\t<div class=\"elementor-element elementor-element-63089f4 elementor-widget elementor-widget-heading\" data-id=\"63089f4\" data-element_type=\"widget\" data-e-type=\"widget\" data-widget_type=\"heading.default\">\n\t\t\t\t<div class=\"elementor-widget-container\">\n\t\t\t\t\t<h5 class=\"elementor-heading-title elementor-size-default\">Tu dormitorio como medicina preventiva<\/h5>\t\t\t\t<\/div>\n\t\t\t\t<\/div>\n\t\t\t\t\t<\/div>\n\t\t\t\t<\/div>\n\t\t<div class=\"elementor-element elementor-element-208e538 e-flex e-con-boxed e-con e-parent\" data-id=\"208e538\" data-element_type=\"container\" data-e-type=\"container\">\n\t\t\t\t\t<div class=\"e-con-inner\">\n\t\t\t\t<div class=\"elementor-element elementor-element-3b5b801 elementor-widget elementor-widget-text-editor\" data-id=\"3b5b801\" data-element_type=\"widget\" data-e-type=\"widget\" data-widget_type=\"text-editor.default\">\n\t\t\t\t<div class=\"elementor-widget-container\">\n\t\t\t\t\t\t\t\t\t<p>El sue\u00f1o no es un lujo. Es el proceso de mantenimiento m\u00e1s importante que ejecuta tu sistema nervioso cada 24 horas. Y el espacio donde sucede ese proceso importa m\u00e1s de lo que nadie te ha dicho.<\/p>\n<p>Gastamos 10.000\u20ac en un colch\u00f3n viscoel\u00e1stico de \u00faltima generaci\u00f3n. Pero seguimos durmiendo bajo LED de 6.500K, con la cabeza orientada al norte y la cama en corriente directa entre la puerta y la ventana.<\/p>\n<p>El colch\u00f3n es el 10% de la ecuaci\u00f3n. El espacio es el 90%.<\/p>\n<p>Optimizar tu dormitorio no es decoraci\u00f3n. Es biolog\u00eda aplicada. El coste de no hacerlo se mide en la reducci\u00f3n del rendimiento cognitivo, un mayor riesgo cardiovascular, diabetes, depresi\u00f3n y deterioro cognitivo a largo plazo. El coste de hacerlo: entre 500\u20ac y 2.000\u20ac de intervenci\u00f3n inteligente.<\/p>\t\t\t\t\t\t\t\t<\/div>\n\t\t\t\t<\/div>\n\t\t\t\t\t<\/div>\n\t\t\t\t<\/div>\n\t\t<div class=\"elementor-element elementor-element-6da9740 e-flex e-con-boxed e-con e-parent\" data-id=\"6da9740\" data-element_type=\"container\" data-e-type=\"container\">\n\t\t\t\t\t<div class=\"e-con-inner\">\n\t\t\t\t<div class=\"elementor-element elementor-element-f2ce6da elementor-widget elementor-widget-heading\" data-id=\"f2ce6da\" data-element_type=\"widget\" data-e-type=\"widget\" data-widget_type=\"heading.default\">\n\t\t\t\t<div class=\"elementor-widget-container\">\n\t\t\t\t\t<h4 class=\"elementor-heading-title elementor-size-default\">\u00bfCu\u00e1nto te costara dormir profundamente cada noche durante \nlos pr\u00f3ximos 30 a\u00f1os?<\/h4>\t\t\t\t<\/div>\n\t\t\t\t<\/div>\n\t\t\t\t\t<\/div>\n\t\t\t\t<\/div>\n\t\t<div class=\"elementor-element elementor-element-7ee8c3e e-flex e-con-boxed e-con e-parent\" data-id=\"7ee8c3e\" data-element_type=\"container\" data-e-type=\"container\">\n\t\t\t\t\t<div class=\"e-con-inner\">\n\t\t\t\t<div class=\"elementor-element elementor-element-138c546 elementor-widget elementor-widget-heading\" data-id=\"138c546\" data-element_type=\"widget\" data-e-type=\"widget\" data-widget_type=\"heading.default\">\n\t\t\t\t<div class=\"elementor-widget-container\">\n\t\t\t\t\t<h4 class=\"elementor-heading-title elementor-size-default\">\u00bfQuieres que analice tu espacio?<\/h4>\t\t\t\t<\/div>\n\t\t\t\t<\/div>\n\t\t\t\t\t<\/div>\n\t\t\t\t<\/div>\n\t\t<div class=\"elementor-element elementor-element-267e938 e-flex e-con-boxed e-con e-parent\" data-id=\"267e938\" data-element_type=\"container\" data-e-type=\"container\">\n\t\t\t\t\t<div class=\"e-con-inner\">\n\t\t\t\t<div class=\"elementor-element elementor-element-a2ecccf elementor-widget elementor-widget-heading\" data-id=\"a2ecccf\" data-element_type=\"widget\" data-e-type=\"widget\" data-widget_type=\"heading.default\">\n\t\t\t\t<div class=\"elementor-widget-container\">\n\t\t\t\t\t<h5 class=\"elementor-heading-title elementor-size-default\">Si llevas tiempo durmiendo horas suficientes pero sigues sin descansar de verdad, el problema puede estar en tu espacio, no en tu fisiolog\u00eda.<\/h5>\t\t\t\t<\/div>\n\t\t\t\t<\/div>\n\t\t\t\t\t<\/div>\n\t\t\t\t<\/div>\n\t\t<div class=\"elementor-element elementor-element-e76336a e-flex e-con-boxed e-con e-parent\" data-id=\"e76336a\" data-element_type=\"container\" data-e-type=\"container\">\n\t\t\t\t\t<div class=\"e-con-inner\">\n\t\t\t\t<div class=\"elementor-element elementor-element-bbc83bb elementor-widget elementor-widget-text-editor\" data-id=\"bbc83bb\" data-element_type=\"widget\" data-e-type=\"widget\" data-widget_type=\"text-editor.default\">\n\t\t\t\t<div class=\"elementor-widget-container\">\n\t\t\t\t\t\t\t\t\t<p><strong>&#8211; An\u00e1lisis Alineaci\u00f3n Vastu\u00a0<\/strong> <br \/>Incluye an\u00e1lisis de la casa entera (no solo el dormitorio) incorporando el perfil de constituci\u00f3n individual (Jyotisha) como capa de precisi\u00f3n personal. El resultado es un informe PDF con las propuestas espec\u00edficas para tu espacio y tu constituci\u00f3n, especificaci\u00f3n exacta de materiales, iluminaci\u00f3n, biofilia y neuroarquitectura aplicada a tu espacio, m\u00e1s una videollamada de 90 minutos para resolverlo juntos.<br \/>No incluye propuesta de dise\u00f1o, ni visualizaciones, ni planos t\u00e9cnicos. Es un diagn\u00f3stico y una hoja de ruta para las soluciones que necesita tu hogar, el paso para entender qu\u00e9 est\u00e1 fallando y por qu\u00e9.<br \/><br \/>Inversi\u00f3n a partir de 450\u20ac<\/p>\t\t\t\t\t\t\t\t<\/div>\n\t\t\t\t<\/div>\n\t\t\t\t\t<\/div>\n\t\t\t\t<\/div>\n\t\t<div class=\"elementor-element elementor-element-8f6a73f e-flex e-con-boxed e-con e-parent\" data-id=\"8f6a73f\" data-element_type=\"container\" data-e-type=\"container\">\n\t\t\t\t\t<div class=\"e-con-inner\">\n\t\t\t\t<div class=\"elementor-element elementor-element-8e29394 elementor-widget elementor-widget-text-editor\" data-id=\"8e29394\" data-element_type=\"widget\" data-e-type=\"widget\" data-widget_type=\"text-editor.default\">\n\t\t\t\t<div class=\"elementor-widget-container\">\n\t\t\t\t\t\t\t\t\t<p><strong>&#8211; Wellness Design Blueprint.<\/strong>\u00a0Es una intervenci\u00f3n completa. Es aplicable a vivienda construida (que necesite reforma) como a dise\u00f1o de vivienda desde cero. Es el nivel de intervenci\u00f3n completa. No solo diagnostico qu\u00e9 est\u00e1 fallando, sino que dise\u00f1o la soluci\u00f3n. Recibes visualizaciones del espacio transformado, planos t\u00e9cnicos, especificaci\u00f3n exacta de materiales, iluminaci\u00f3n, biofilia y neuroarquitectura aplicada a tu proyecto, y un acompa\u00f1amiento durante la implementaci\u00f3n. El resultado es un proyecto ejecutable, no un listado de cambios.<br \/>Integra neuroarquitectura, biofilia, Vastu Shastra y perfil de constituci\u00f3n individual en un \u00fanico dossier de 20 &#8211; 25 p\u00e1ginas dise\u00f1ado para tu espacio concreto.<br \/><br \/>Inversi\u00f3n: a partir de 1.500\u20ac<\/p>\t\t\t\t\t\t\t\t<\/div>\n\t\t\t\t<\/div>\n\t\t\t\t\t<\/div>\n\t\t\t\t<\/div>\n\t\t<div class=\"elementor-element elementor-element-cc6392c e-flex e-con-boxed e-con e-parent\" data-id=\"cc6392c\" data-element_type=\"container\" data-e-type=\"container\">\n\t\t\t\t\t<div class=\"e-con-inner\">\n\t\t\t\t<div class=\"elementor-element elementor-element-5584553 elementor-widget elementor-widget-heading\" data-id=\"5584553\" data-element_type=\"widget\" data-e-type=\"widget\" data-widget_type=\"heading.default\">\n\t\t\t\t<div class=\"elementor-widget-container\">\n\t\t\t\t\t<h4 class=\"elementor-heading-title elementor-size-default\">Reserva una consultor\u00eda estrat\u00e9gica gratuita de 30 minutos<\/h4>\t\t\t\t<\/div>\n\t\t\t\t<\/div>\n\t\t\t\t\t<\/div>\n\t\t\t\t<\/div>\n\t\t<div class=\"elementor-element elementor-element-311d773 e-flex e-con-boxed e-con e-parent\" data-id=\"311d773\" data-element_type=\"container\" data-e-type=\"container\">\n\t\t\t\t\t<div class=\"e-con-inner\">\n\t\t\t\t<div class=\"elementor-element elementor-element-473b237 elementor-align-center elementor-widget elementor-widget-button\" data-id=\"473b237\" data-element_type=\"widget\" data-e-type=\"widget\" data-widget_type=\"button.default\">\n\t\t\t\t<div class=\"elementor-widget-container\">\n\t\t\t\t\t\t\t\t\t<div class=\"elementor-button-wrapper\">\n\t\t\t\t\t<a class=\"elementor-button elementor-button-link elementor-size-sm\" href=\"https:\/\/calendly.com\/espacios-para-ser\/30min\" target=\"_blank\" rel=\"noopener\">\n\t\t\t\t\t\t<span class=\"elementor-button-content-wrapper\">\n\t\t\t\t\t\t\t\t\t<span class=\"elementor-button-text\">Reserva ahora<\/span>\n\t\t\t\t\t<\/span>\n\t\t\t\t\t<\/a>\n\t\t\t\t<\/div>\n\t\t\t\t\t\t\t\t<\/div>\n\t\t\t\t<\/div>\n\t\t\t\t\t<\/div>\n\t\t\t\t<\/div>\n\t\t<div class=\"elementor-element elementor-element-c546753 e-flex e-con-boxed e-con e-parent\" data-id=\"c546753\" data-element_type=\"container\" data-e-type=\"container\">\n\t\t\t\t\t<div class=\"e-con-inner\">\n\t\t\t\t<div class=\"elementor-element elementor-element-950d3ce elementor-widget elementor-widget-text-editor\" data-id=\"950d3ce\" data-element_type=\"widget\" data-e-type=\"widget\" data-widget_type=\"text-editor.default\">\n\t\t\t\t<div class=\"elementor-widget-container\">\n\t\t\t\t\t\t\t\t\t<p><strong>Dra. Natalia Botero<\/strong><br \/>Arquitecta especializada en Vastu Shastra, Neuroarquitectura y Dise\u00f1o Biof\u00edlico<br \/><a href=\"http:\/\/www.espaciosparaser.com\"><strong>www.espaciosparaser.com<\/strong><\/a><\/p>\t\t\t\t\t\t\t\t<\/div>\n\t\t\t\t<\/div>\n\t\t\t\t\t<\/div>\n\t\t\t\t<\/div>\n\t\t<div class=\"elementor-element elementor-element-4eef454 e-flex e-con-boxed e-con e-parent\" data-id=\"4eef454\" data-element_type=\"container\" data-e-type=\"container\">\n\t\t\t\t\t<div class=\"e-con-inner\">\n\t\t\t\t<div class=\"elementor-element elementor-element-d26d48a elementor-widget elementor-widget-text-editor\" data-id=\"d26d48a\" data-element_type=\"widget\" data-e-type=\"widget\" data-widget_type=\"text-editor.default\">\n\t\t\t\t<div class=\"elementor-widget-container\">\n\t\t\t\t\t\t\t\t\t<p><strong>Referencias cient\u00edficas<br \/><\/strong>1. Kessler, R.C., et al. (2011). Insomnia and the performance of US workers. Sleep, 34(9), 1161-1171.<br \/>2. RAND Corporation (2023). The Societal and Economic Burden of Insomnia in Adults.<br \/>3. Gooley, J.J., et al. (2011). Journal of Clinical Endocrinology &amp; Metabolism, 96(3), E463-E472.<br \/>2. Cajochen, C., et al. (2005). Journal of Clinical Endocrinology &amp; Metabolism, 90(3), 1311-1316.<br \/>3. Lockley, S.W., et al. (2006). Sleep, 29(2), 161-168.<br \/>4. Mills, P.R., et al. (2007). Journal of Circadian Rhythms, 5, 2.<br \/>5. Tsunetsugu, Y., et al. (2007). Journal of Physiological Anthropology, 26(2), 123-128.<br \/>6. Kelz, C., et al. (2011). European Journal of Wood and Wood Products, 69(4), 637-644.<br \/>7. NASA (2019). Interior Landscape Plants for Indoor Air Pollution Abatement.<br \/>8. Colzato, L.S., et al. (2017). Sleep Medicine, 37, 137-140.<br \/>9. Ulrich, R.S., et al. (1991). Journal of Environmental Psychology, 11(3), 201-230.<br \/>10. Vartanian, O., et al. (2013). Proceedings of the National Academy of Sciences, 110(Supl. 2), 10446-10453.<br \/>11. Dazkir, S.S., &amp; Read, M.A. (2012). Environment and Behavior, 44(5), 722-732.<br \/>12. Burch, J.B., et al. (1999). American Journal of Epidemiology, 150(1), 27-36.<\/p>\t\t\t\t\t\t\t\t<\/div>\n\t\t\t\t<\/div>\n\t\t\t\t\t<\/div>\n\t\t\t\t<\/div>\n\t\t\t\t<\/div>\n\t\t","protected":false},"excerpt":{"rendered":"<p>M\u00e1s del 23% de los adultos que trabajan cumplen criterios diagn\u00f3sticos de insomnio. No por falta de disciplina o de gesti\u00f3n del estr\u00e9s (la mayor\u00eda ya ha probado melatonina, terapia cognitiva o aplicaciones de meditaci\u00f3n) (Kessler et al., Sleep, 2011). Lo que nadie les ha dicho es que el problema puede no estar en su [&hellip;]<\/p>\n","protected":false},"author":1,"featured_media":3867,"comment_status":"open","ping_status":"open","sticky":false,"template":"","format":"standard","meta":{"_themeisle_gutenberg_block_has_review":false,"footnotes":""},"categories":[51,47,49,53,79,57],"tags":[],"class_list":["post-608","post","type-post","status-publish","format-standard","has-post-thumbnail","hentry","category-neuroarquitectura-es","category-biofilia-es","category-espacio-sacro-es","category-novedades-es","category-useful-es","category-vastu-en-es"],"blocksy_meta":{"styles_descriptor":{"styles":{"desktop":"","tablet":"","mobile":""},"google_fonts":[],"version":6}},"_links":{"self":[{"href":"https:\/\/espaciosparaser.com\/index.php\/wp-json\/wp\/v2\/posts\/608","targetHints":{"allow":["GET"]}}],"collection":[{"href":"https:\/\/espaciosparaser.com\/index.php\/wp-json\/wp\/v2\/posts"}],"about":[{"href":"https:\/\/espaciosparaser.com\/index.php\/wp-json\/wp\/v2\/types\/post"}],"author":[{"embeddable":true,"href":"https:\/\/espaciosparaser.com\/index.php\/wp-json\/wp\/v2\/users\/1"}],"replies":[{"embeddable":true,"href":"https:\/\/espaciosparaser.com\/index.php\/wp-json\/wp\/v2\/comments?post=608"}],"version-history":[{"count":75,"href":"https:\/\/espaciosparaser.com\/index.php\/wp-json\/wp\/v2\/posts\/608\/revisions"}],"predecessor-version":[{"id":4010,"href":"https:\/\/espaciosparaser.com\/index.php\/wp-json\/wp\/v2\/posts\/608\/revisions\/4010"}],"wp:featuredmedia":[{"embeddable":true,"href":"https:\/\/espaciosparaser.com\/index.php\/wp-json\/wp\/v2\/media\/3867"}],"wp:attachment":[{"href":"https:\/\/espaciosparaser.com\/index.php\/wp-json\/wp\/v2\/media?parent=608"}],"wp:term":[{"taxonomy":"category","embeddable":true,"href":"https:\/\/espaciosparaser.com\/index.php\/wp-json\/wp\/v2\/categories?post=608"},{"taxonomy":"post_tag","embeddable":true,"href":"https:\/\/espaciosparaser.com\/index.php\/wp-json\/wp\/v2\/tags?post=608"}],"curies":[{"name":"wp","href":"https:\/\/api.w.org\/{rel}","templated":true}]}}